{"id":1164,"date":"2026-03-13T10:05:37","date_gmt":"2026-03-13T09:05:37","guid":{"rendered":"https:\/\/www.zigzart.fr\/?p=1164"},"modified":"2026-03-13T10:05:48","modified_gmt":"2026-03-13T09:05:48","slug":"grenoble-la-danse-fievreuse-doona-doherty","status":"publish","type":"post","link":"https:\/\/www.zigzart.fr\/?p=1164","title":{"rendered":"GRENOBLE\/La danse fi\u00e9vreuse d\u2019Oona Doherty"},"content":{"rendered":"\n<figure class=\"wp-block-image size-full\"><img loading=\"lazy\" decoding=\"async\" width=\"800\" height=\"534\" src=\"https:\/\/www.zigzart.fr\/wp-content\/uploads\/2026\/03\/PHOTO_Specky-Clark\u00a9LucaTruffarelli_web-6.jpg\" alt=\"\" class=\"wp-image-1165\"\/><\/figure>\n\n\n\n<p>La chor\u00e9graphe irlandaise Oona Doherty a puis\u00e9 dans ses souvenirs de famille la mati\u00e8re qui nourrit son dernier spectacle \u00ab&nbsp;Specky Clark&nbsp;\u00bb, pr\u00e9sent\u00e9 \u00e0 Grenoble les 17 et 18 mars. C\u2019est le nom de son arri\u00e8re-arri\u00e8re grand-p\u00e8re, un gamin de la classe ouvri\u00e8re de Belfast qui dansait jusqu\u2019\u00e0 l\u2019\u00e9puisement. L\u2019&nbsp;artiste a r\u00e9uni neuf interpr\u00e8tes qui suivent cet enfant dans un spectacle qui touche \u00e0 la fois \u00e0 la mythologie irlandaise et \u00e0 l\u2019intime.<\/p>\n\n\n\n<p>-Grenoble, MC2, mardi 17 et mercredi 18, 20h. <a href=\"http:\/\/www.grenoblemc2.fr\">www.grenoblemc2.fr<\/a><\/p>\n\n\n\n<p>PHOTO&nbsp;: une fresque tr\u00e8s personnelle de la chor\u00e9graphe irlandaise Oona Doherty. Photo Luca Truffarelli<\/p>\n\n\n\n<figure class=\"wp-block-embed is-type-video is-provider-youtube wp-block-embed-youtube wp-embed-aspect-16-9 wp-has-aspect-ratio\"><div class=\"wp-block-embed__wrapper\">\n<div class=\"ast-oembed-container \" style=\"height: 100%;\"><iframe loading=\"lazy\" title=\"SPECKY CLARK \u2013 Oona Doherty\" width=\"500\" height=\"281\" src=\"https:\/\/www.youtube.com\/embed\/bCsOxzW7dW4?feature=oembed\" frameborder=\"0\" allow=\"accelerometer; autoplay; clipboard-write; encrypted-media; gyroscope; picture-in-picture; web-share\" referrerpolicy=\"strict-origin-when-cross-origin\" allowfullscreen><\/iframe><\/div>\n<\/div><\/figure>\n","protected":false},"excerpt":{"rendered":"<p>La chor\u00e9graphe irlandaise Oona Doherty a puis\u00e9 dans ses souvenirs de famille la mati\u00e8re qui nourrit son dernier spectacle \u00ab&nbsp;Specky [&hellip;]<\/p>\n","protected":false},"author":2,"featured_media":1165,"comment_status":"closed","ping_status":"open","sticky":true,"template":"","format":"standard","meta":{"site-sidebar-layout":"default","site-content-layout":"","ast-site-content-layout":"default","site-content-style":"default","site-sidebar-style":"default","ast-global-header-display":"","ast-banner-title-visibility":"","ast-main-header-display":"","ast-hfb-above-header-display":"","ast-hfb-below-header-display":"","ast-hfb-mobile-header-display":"","site-post-title":"","ast-breadcrumbs-content":"","ast-featured-img":"disabled","footer-sml-layout":"","theme-transparent-header-meta":"","adv-header-id-meta":"","stick-header-meta":"","header-above-stick-meta":"","header-main-stick-meta":"","header-below-stick-meta":"","astra-migrate-meta-layouts":"default","ast-page-background-enabled":"default","ast-page-background-meta":{"desktop":{"background-color":"var(--ast-global-color-5)","background-image":"","background-repeat":"repeat","background-position":"center center","background-size":"auto","background-attachment":"scroll","background-type":"","background-media":"","overlay-type":"","overlay-color":"","overlay-opacity":"","overlay-gradient":""},"tablet":{"background-color":"","background-image":"","background-repeat":"repeat","background-position":"center center","background-size":"auto","background-attachment":"scroll","background-type":"","background-media":"","overlay-type":"","overlay-color":"","overlay-opacity":"","overlay-gradient":""},"mobile":{"background-color":"","background-image":"","background-repeat":"repeat","background-position":"center center","background-size":"auto","background-attachment":"scroll","background-type":"","background-media":"","overlay-type":"","overlay-color":"","overlay-opacity":"","overlay-gradient":""}},"ast-content-background-meta":{"desktop":{"background-color":"var(--ast-global-color-4)","background-image":"","background-repeat":"repeat","background-position":"center center","background-size":"auto","background-attachment":"scroll","background-type":"","background-media":"","overlay-type":"","overlay-color":"","overlay-opacity":"","overlay-gradient":""},"tablet":{"background-color":"var(--ast-global-color-4)","background-image":"","background-repeat":"repeat","background-position":"center center","background-size":"auto","background-attachment":"scroll","background-type":"","background-media":"","overlay-type":"","overlay-color":"","overlay-opacity":"","overlay-gradient":""},"mobile":{"background-color":"var(--ast-global-color-4)","background-image":"","background-repeat":"repeat","background-position":"center center","background-size":"auto","background-attachment":"scroll","background-type":"","background-media":"","overlay-type":"","overlay-color":"","overlay-opacity":"","overlay-gradient":""}},"footnotes":""},"categories":[13,9],"tags":[],"class_list":["post-1164","post","type-post","status-publish","format-standard","has-post-thumbnail","hentry","category-danse","category-isere"],"_links":{"self":[{"href":"https:\/\/www.zigzart.fr\/index.php?rest_route=\/wp\/v2\/posts\/1164","targetHints":{"allow":["GET"]}}],"collection":[{"href":"https:\/\/www.zigzart.fr\/index.php?rest_route=\/wp\/v2\/posts"}],"about":[{"href":"https:\/\/www.zigzart.fr\/index.php?rest_route=\/wp\/v2\/types\/post"}],"author":[{"embeddable":true,"href":"https:\/\/www.zigzart.fr\/index.php?rest_route=\/wp\/v2\/users\/2"}],"replies":[{"embeddable":true,"href":"https:\/\/www.zigzart.fr\/index.php?rest_route=%2Fwp%2Fv2%2Fcomments&post=1164"}],"version-history":[{"count":1,"href":"https:\/\/www.zigzart.fr\/index.php?rest_route=\/wp\/v2\/posts\/1164\/revisions"}],"predecessor-version":[{"id":1166,"href":"https:\/\/www.zigzart.fr\/index.php?rest_route=\/wp\/v2\/posts\/1164\/revisions\/1166"}],"wp:featuredmedia":[{"embeddable":true,"href":"https:\/\/www.zigzart.fr\/index.php?rest_route=\/wp\/v2\/media\/1165"}],"wp:attachment":[{"href":"https:\/\/www.zigzart.fr\/index.php?rest_route=%2Fwp%2Fv2%2Fmedia&parent=1164"}],"wp:term":[{"taxonomy":"category","embeddable":true,"href":"https:\/\/www.zigzart.fr\/index.php?rest_route=%2Fwp%2Fv2%2Fcategories&post=1164"},{"taxonomy":"post_tag","embeddable":true,"href":"https:\/\/www.zigzart.fr\/index.php?rest_route=%2Fwp%2Fv2%2Ftags&post=1164"}],"curies":[{"name":"wp","href":"https:\/\/api.w.org\/{rel}","templated":true}]}}