{"id":1168,"date":"2026-03-13T10:23:17","date_gmt":"2026-03-13T09:23:17","guid":{"rendered":"https:\/\/www.zigzart.fr\/?p=1168"},"modified":"2026-03-13T10:23:25","modified_gmt":"2026-03-13T09:23:25","slug":"grenoble-saint-etienne","status":"publish","type":"post","link":"https:\/\/www.zigzart.fr\/?p=1168","title":{"rendered":"GRENOBLE\/SAINT-ETIENNE"},"content":{"rendered":"\n<p>Les requiem(s) de Preljocaj<\/p>\n\n\n\n<figure class=\"wp-block-image size-full\"><img loading=\"lazy\" decoding=\"async\" width=\"800\" height=\"533\" src=\"https:\/\/www.zigzart.fr\/wp-content\/uploads\/2026\/03\/PHOTO_Requiems\u00a9YangWang-2.jpg\" alt=\"\" class=\"wp-image-1169\"\/><\/figure>\n\n\n\n<p>Cela faisait des ann\u00e9es que le chor\u00e9graphe Angelin Preljocaj r\u00eavait de monter un spectacle sur un requiem. Lequel choisir&nbsp;? Il a pr\u00e9f\u00e9r\u00e9 traiter ce th\u00e8me du deuil et de l\u2019espoir \u00e0 travers plusieurs partitions plut\u00f4t qu\u2019une seule. D\u2019o\u00f9 cette cr\u00e9ation pour 19 danseurs sur une musique de Mozart bien s\u00fbr, mais aussi Bach, Messiaen, Ligeti et d\u2019autres compositeurs.<\/p>\n\n\n\n<p>-Grenoble, MC2, du mercredi 18 au samedi 21 mars. <a href=\"http:\/\/www.mc2grenoble.fr\">www.mc2grenoble.fr<\/a><\/p>\n\n\n\n<p>-Saint-Etienne, op\u00e9ra, mercredi 13 mai.www.opera.saint-etienne.fr<\/p>\n\n\n\n<p>PHOTO&nbsp;: Un ballet pour 19 danseurs sur plusieurs requiems choisis par Preljocaj. Photo Yang Wang<\/p>\n\n\n\n<figure class=\"wp-block-embed is-type-video is-provider-youtube wp-block-embed-youtube wp-embed-aspect-16-9 wp-has-aspect-ratio\"><div class=\"wp-block-embed__wrapper\">\n<div class=\"ast-oembed-container \" style=\"height: 100%;\"><iframe loading=\"lazy\" title=\"REQUIEM(S) - BALLET PRELJOCAJ (2024)\" width=\"500\" height=\"281\" src=\"https:\/\/www.youtube.com\/embed\/mMTRSDvyfNI?feature=oembed\" frameborder=\"0\" allow=\"accelerometer; autoplay; clipboard-write; encrypted-media; gyroscope; picture-in-picture; web-share\" referrerpolicy=\"strict-origin-when-cross-origin\" allowfullscreen><\/iframe><\/div>\n<\/div><\/figure>\n","protected":false},"excerpt":{"rendered":"<p>Les requiem(s) de Preljocaj Cela faisait des ann\u00e9es que le chor\u00e9graphe Angelin Preljocaj r\u00eavait de monter un spectacle sur un [&hellip;]<\/p>\n","protected":false},"author":2,"featured_media":1169,"comment_status":"closed","ping_status":"closed","sticky":true,"template":"","format":"standard","meta":{"site-sidebar-layout":"default","site-content-layout":"","ast-site-content-layout":"default","site-content-style":"default","site-sidebar-style":"default","ast-global-header-display":"","ast-banner-title-visibility":"","ast-main-header-display":"","ast-hfb-above-header-display":"","ast-hfb-below-header-display":"","ast-hfb-mobile-header-display":"","site-post-title":"","ast-breadcrumbs-content":"","ast-featured-img":"disabled","footer-sml-layout":"","theme-transparent-header-meta":"","adv-header-id-meta":"","stick-header-meta":"","header-above-stick-meta":"","header-main-stick-meta":"","header-below-stick-meta":"","astra-migrate-meta-layouts":"default","ast-page-background-enabled":"default","ast-page-background-meta":{"desktop":{"background-color":"var(--ast-global-color-5)","background-image":"","background-repeat":"repeat","background-position":"center center","background-size":"auto","background-attachment":"scroll","background-type":"","background-media":"","overlay-type":"","overlay-color":"","overlay-opacity":"","overlay-gradient":""},"tablet":{"background-color":"","background-image":"","background-repeat":"repeat","background-position":"center center","background-size":"auto","background-attachment":"scroll","background-type":"","background-media":"","overlay-type":"","overlay-color":"","overlay-opacity":"","overlay-gradient":""},"mobile":{"background-color":"","background-image":"","background-repeat":"repeat","background-position":"center center","background-size":"auto","background-attachment":"scroll","background-type":"","background-media":"","overlay-type":"","overlay-color":"","overlay-opacity":"","overlay-gradient":""}},"ast-content-background-meta":{"desktop":{"background-color":"var(--ast-global-color-4)","background-image":"","background-repeat":"repeat","background-position":"center center","background-size":"auto","background-attachment":"scroll","background-type":"","background-media":"","overlay-type":"","overlay-color":"","overlay-opacity":"","overlay-gradient":""},"tablet":{"background-color":"var(--ast-global-color-4)","background-image":"","background-repeat":"repeat","background-position":"center center","background-size":"auto","background-attachment":"scroll","background-type":"","background-media":"","overlay-type":"","overlay-color":"","overlay-opacity":"","overlay-gradient":""},"mobile":{"background-color":"var(--ast-global-color-4)","background-image":"","background-repeat":"repeat","background-position":"center center","background-size":"auto","background-attachment":"scroll","background-type":"","background-media":"","overlay-type":"","overlay-color":"","overlay-opacity":"","overlay-gradient":""}},"footnotes":""},"categories":[13,9,19],"tags":[],"class_list":["post-1168","post","type-post","status-publish","format-standard","has-post-thumbnail","hentry","category-danse","category-isere","category-saint-etienne"],"_links":{"self":[{"href":"https:\/\/www.zigzart.fr\/index.php?rest_route=\/wp\/v2\/posts\/1168","targetHints":{"allow":["GET"]}}],"collection":[{"href":"https:\/\/www.zigzart.fr\/index.php?rest_route=\/wp\/v2\/posts"}],"about":[{"href":"https:\/\/www.zigzart.fr\/index.php?rest_route=\/wp\/v2\/types\/post"}],"author":[{"embeddable":true,"href":"https:\/\/www.zigzart.fr\/index.php?rest_route=\/wp\/v2\/users\/2"}],"replies":[{"embeddable":true,"href":"https:\/\/www.zigzart.fr\/index.php?rest_route=%2Fwp%2Fv2%2Fcomments&post=1168"}],"version-history":[{"count":1,"href":"https:\/\/www.zigzart.fr\/index.php?rest_route=\/wp\/v2\/posts\/1168\/revisions"}],"predecessor-version":[{"id":1170,"href":"https:\/\/www.zigzart.fr\/index.php?rest_route=\/wp\/v2\/posts\/1168\/revisions\/1170"}],"wp:featuredmedia":[{"embeddable":true,"href":"https:\/\/www.zigzart.fr\/index.php?rest_route=\/wp\/v2\/media\/1169"}],"wp:attachment":[{"href":"https:\/\/www.zigzart.fr\/index.php?rest_route=%2Fwp%2Fv2%2Fmedia&parent=1168"}],"wp:term":[{"taxonomy":"category","embeddable":true,"href":"https:\/\/www.zigzart.fr\/index.php?rest_route=%2Fwp%2Fv2%2Fcategories&post=1168"},{"taxonomy":"post_tag","embeddable":true,"href":"https:\/\/www.zigzart.fr\/index.php?rest_route=%2Fwp%2Fv2%2Ftags&post=1168"}],"curies":[{"name":"wp","href":"https:\/\/api.w.org\/{rel}","templated":true}]}}