{"id":1175,"date":"2026-03-15T09:11:44","date_gmt":"2026-03-15T08:11:44","guid":{"rendered":"https:\/\/www.zigzart.fr\/?p=1175"},"modified":"2026-03-15T18:53:54","modified_gmt":"2026-03-15T17:53:54","slug":"des-rayons-et-des-ombres-un-film-a-ne-pas-manquer","status":"publish","type":"post","link":"https:\/\/www.zigzart.fr\/?p=1175","title":{"rendered":"\u00ab\u00a0DES RAYONS ET DES OMBRES\u00a0\u00bb : UN FILM \u00c0 NE PAS MANQUER !"},"content":{"rendered":"\n<figure class=\"wp-block-image size-full\"><img loading=\"lazy\" decoding=\"async\" width=\"4032\" height=\"3024\" src=\"https:\/\/www.zigzart.fr\/wp-content\/uploads\/2026\/03\/IMG_7150.jpeg\" alt=\"\" class=\"wp-image-1176\"\/><figcaption class=\"wp-element-caption\">Jean Dujardin, Nastya Golubeva et Xavier Giannoli presenteert le film au Comoedia le 8 mars (photo JFM )<\/figcaption><\/figure>\n\n\n<p>Le cin\u00e9ma fran\u00e7ais a toujours eu des difficult\u00e9s \u00e0 \u00e9voquer de fa\u00e7on sereine la p\u00e9riode de l\u2019Occupation. Les films de l\u2019imm\u00e9diat apr\u00e8s-guerre c\u00e9l\u00e8brent une France unanimement r\u00e9sistante ( \u00ab\u00a0 La Bataille du Rail \u00bb), puis , une dizaine d\u2019ann\u00e9es plus tard, le cin\u00e9ma \u00e9voque des Fran\u00e7ais apeur\u00e9s, attentistes pour le moins, collabos pour le pire, pr\u00e9occup\u00e9s de survivre au prix de toutes les l\u00e2chet\u00e9s (\u00ab La Travers\u00e9e de Paris \u00bb). Les films qui viennent ensuite ONT sur la p\u00e9riode un avis un peu plus nuanc\u00e9s, mais rares sont ceux qui , comme \u00ab Lacombe Lucien \u00bb , se penchent sur les raisons qui poussent les protagonistes \u00e0 choisir leur camp. Le film de Giannoli, qui retrace le trajet de Jean Luchaire et de sa fille Corinne, du pacifisme internationaliste \u00e0 la plus abjecte collaboration, est donc tout \u00e0 fait original.<span class=\"Apple-converted-space\">\u00a0<\/span><\/p>\n<p>Dans les ann\u00e9es 20, Luchaire est un journaliste, qui, disciple d\u2019Aristide Briand, croit \u00e0 la SDN et milite pour l\u2019amiti\u00e9 franco-allemande, seul moyen, selon lui, d\u2019\u00e9viter le retour de la guerre entre les deux pays. Dans ce combat, il rencontre un Allemand, Otto Abetz, tout aussi convaincu que lui des vertus de l\u2019internationalisme. Par ailleurs, Luchaire, qui m\u00e8ne grand train dans la vie parisienne, est sans cesse \u00e0 court d\u2019argent et n\u2019est pas tr\u00e8s regardant sur les moyens de s\u2019en procurer, n\u2019h\u00e9sitant pas \u00e0 mettre sa plume au service du plus offrant. Apr\u00e8s 1933, Luchaire poursuit sa d\u00e9fense de l\u2019amiti\u00e9 franco-allemande sans voir, ou sans vouloir voir, que l\u2019Allemagne a bien chang\u00e9, devenant un \u00c9tat totalitaire et belliciste, raciste. Abetz aussi a bien chang\u00e9 : le pacifiste des ann\u00e9es 20 a adh\u00e9r\u00e9 en 1931 au parti nazi, et est entr\u00e9 en 1935 \u00e0 la SS sans que Luchaire prenne ses distances avec lui ! La d\u00e9faite de 40 n\u2019alt\u00e8re pas la germanophilie du journaliste ; bien en cours \u00e0 Vichy, il orchestre en zone occup\u00e9e la collaboration de la presse parisienne avec l\u2019occupant, d\u2019autant plus que son ami Abetz a \u00e9t\u00e9 nomm\u00e9 ambassadeur du Reich \u00e0 Paris. D\u00e8s lors, Luchaire s\u2019enfonce de plus en plus dans la collaboration jusqu\u2019\u00e0 participer au gouvernement fran\u00e7ais fantoche constitu\u00e9 par les Allemands autour de P\u00e9tain \u00e0 Sigmaringen en 1944\/45. Arr\u00eat\u00e9 par les alli\u00e9s, il est condamn\u00e9 \u00e0 mort par collaboration avec l\u2019ennemi et ex\u00e9cut\u00e9 en 1946.<\/p>\n<p>Sa fille Corinne fit une courte et brillante carri\u00e8re de vedette de cin\u00e9ma entre 1938 et 1940. Atteinte de la tuberculose, elle ne tourna pas durant l\u2019occupation mais s\u2019affiche, aux c\u00f4t\u00e9s de son p\u00e8re, dans les milieux collaborationnistes, ce qui lui valu une condamnation \u00e0 dix ans d\u2019indignit\u00e9 nationale en 1946.<\/p>\n<p>Lors de notre rencontre, Giannoli a dit, \u00e0 propos de ces personnages :\u00a0\u00ab pas question de r\u00e9habilitation mais le souhait de les comprendre\u00a0\u00bb. Le film suit de pr\u00e8s Luchaire et sa fille , magnifiquement interpr\u00e9t\u00e9s par Jean Dujardin et Nastya Golubeva. On assiste \u00e0 la lente \u00e9volution qui les m\u00e8ne toujours plus loin dans la compromission, dans l\u2019abandon de leurs valeurs et de leur dignit\u00e9, dans la trahison de leur id\u00e9al et de leur pays. Car c\u2019est bien d\u2019une trahison qu\u2019il s\u2019agit, le procureur de la Haute Cour de Justice le d\u00e9montre avec \u00e9clat dans un r\u00e9quisitoire implacable<span class=\"Apple-converted-space\">\u00a0 <\/span>\u00e0 la fin du film.<\/p>\n<p>Jean Dujardin incarne Luchaire avec beaucoup de force et de nuances : s\u00e9ducteur et bienveillant, aimant sinc\u00e8rement sa fille, mais en m\u00eame temps cupide, vaniteux, faible et calculateur. Le personnage est complexe et ambigu et Dujardin le fait exister dans ses contradictions, sans complaisance . Giannoli affirme \u00ab qu\u2019il n\u2019aurait pas fait le film sans Jean \u00bb et Dujardin dit avoir tout de suite eu envie d\u2019interpr\u00e9ter ce r\u00f4le dans lequel \u00ab\u00a0 il y avait quelque chose qui me faisait peur mais en m\u00eame temps qui me tentait \u00bb. De fait, son interpr\u00e9tation est magistrale. Le reste du casting est tout aussi remarquable : Nastya Golubeva campe une Corine Luchaire fragile et d\u00e9sorient\u00e9e, entra\u00een\u00e9e dans le tourbillon chaotique des mondanit\u00e9s cauchemardesques de la collaboration, entre escrocs du march\u00e9 noir et officiers nazis. August Diehl est un Otto Abetz tr\u00e8s cr\u00e9dible,<span class=\"Apple-converted-space\">\u00a0 <\/span>Andr\u00e9 Marcon incarne avec dignit\u00e9 le p\u00e8re de Luchaire qui, lui, choisit la r\u00e9sistance.<span class=\"Apple-converted-space\">\u00a0<\/span><\/p>\n<p>Le film est long ( trois heures et quart), un peu trop peut-\u00eatre ( on aurait sans doute pu raccourcir un peu la description des bals des collabos), mais on ne perd jamais le fil et l\u2019attention est soutenue de bout en bout. La reconstitution de l\u2019\u00e9poque est impeccable.<\/p>\n<p>\u00ab Les Rayons et les Ombres \u00bb est un film passionnant qui pose des questions qui , h\u00e9las, sont toujours d\u2019actualit\u00e9 : la v\u00e9nalit\u00e9 de la presse, et, plus encore, la menace antis\u00e9mite ne concernent pas seulement la p\u00e9riode de la 2\u00e8me guerre mondiale ! Il ne faut pas laisser passer ce film !<\/p>\n<p>Jean-Fran\u00e7ois Martinon<\/p>","protected":false},"excerpt":{"rendered":"<p>Le cin\u00e9ma fran\u00e7ais a toujours eu des difficult\u00e9s \u00e0 \u00e9voquer de fa\u00e7on sereine la p\u00e9riode de l\u2019Occupation. Les films de [&hellip;]<\/p>\n","protected":false},"author":3,"featured_media":1176,"comment_status":"open","ping_status":"open","sticky":true,"template":"","format":"standard","meta":{"site-sidebar-layout":"default","site-content-layout":"","ast-site-content-layout":"default","site-content-style":"default","site-sidebar-style":"default","ast-global-header-display":"","ast-banner-title-visibility":"","ast-main-header-display":"","ast-hfb-above-header-display":"","ast-hfb-below-header-display":"","ast-hfb-mobile-header-display":"","site-post-title":"","ast-breadcrumbs-content":"","ast-featured-img":"","footer-sml-layout":"","theme-transparent-header-meta":"","adv-header-id-meta":"","stick-header-meta":"","header-above-stick-meta":"","header-main-stick-meta":"","header-below-stick-meta":"","astra-migrate-meta-layouts":"default","ast-page-background-enabled":"default","ast-page-background-meta":{"desktop":{"background-color":"var(--ast-global-color-5)","background-image":"","background-repeat":"repeat","background-position":"center center","background-size":"auto","background-attachment":"scroll","background-type":"","background-media":"","overlay-type":"","overlay-color":"","overlay-opacity":"","overlay-gradient":""},"tablet":{"background-color":"","background-image":"","background-repeat":"repeat","background-position":"center center","background-size":"auto","background-attachment":"scroll","background-type":"","background-media":"","overlay-type":"","overlay-color":"","overlay-opacity":"","overlay-gradient":""},"mobile":{"background-color":"","background-image":"","background-repeat":"repeat","background-position":"center center","background-size":"auto","background-attachment":"scroll","background-type":"","background-media":"","overlay-type":"","overlay-color":"","overlay-opacity":"","overlay-gradient":""}},"ast-content-background-meta":{"desktop":{"background-color":"var(--ast-global-color-4)","background-image":"","background-repeat":"repeat","background-position":"center center","background-size":"auto","background-attachment":"scroll","background-type":"","background-media":"","overlay-type":"","overlay-color":"","overlay-opacity":"","overlay-gradient":""},"tablet":{"background-color":"var(--ast-global-color-4)","background-image":"","background-repeat":"repeat","background-position":"center center","background-size":"auto","background-attachment":"scroll","background-type":"","background-media":"","overlay-type":"","overlay-color":"","overlay-opacity":"","overlay-gradient":""},"mobile":{"background-color":"var(--ast-global-color-4)","background-image":"","background-repeat":"repeat","background-position":"center center","background-size":"auto","background-attachment":"scroll","background-type":"","background-media":"","overlay-type":"","overlay-color":"","overlay-opacity":"","overlay-gradient":""}},"footnotes":""},"categories":[10],"tags":[],"class_list":["post-1175","post","type-post","status-publish","format-standard","has-post-thumbnail","hentry","category-cinema"],"_links":{"self":[{"href":"https:\/\/www.zigzart.fr\/index.php?rest_route=\/wp\/v2\/posts\/1175","targetHints":{"allow":["GET"]}}],"collection":[{"href":"https:\/\/www.zigzart.fr\/index.php?rest_route=\/wp\/v2\/posts"}],"about":[{"href":"https:\/\/www.zigzart.fr\/index.php?rest_route=\/wp\/v2\/types\/post"}],"author":[{"embeddable":true,"href":"https:\/\/www.zigzart.fr\/index.php?rest_route=\/wp\/v2\/users\/3"}],"replies":[{"embeddable":true,"href":"https:\/\/www.zigzart.fr\/index.php?rest_route=%2Fwp%2Fv2%2Fcomments&post=1175"}],"version-history":[{"count":4,"href":"https:\/\/www.zigzart.fr\/index.php?rest_route=\/wp\/v2\/posts\/1175\/revisions"}],"predecessor-version":[{"id":1180,"href":"https:\/\/www.zigzart.fr\/index.php?rest_route=\/wp\/v2\/posts\/1175\/revisions\/1180"}],"wp:featuredmedia":[{"embeddable":true,"href":"https:\/\/www.zigzart.fr\/index.php?rest_route=\/wp\/v2\/media\/1176"}],"wp:attachment":[{"href":"https:\/\/www.zigzart.fr\/index.php?rest_route=%2Fwp%2Fv2%2Fmedia&parent=1175"}],"wp:term":[{"taxonomy":"category","embeddable":true,"href":"https:\/\/www.zigzart.fr\/index.php?rest_route=%2Fwp%2Fv2%2Fcategories&post=1175"},{"taxonomy":"post_tag","embeddable":true,"href":"https:\/\/www.zigzart.fr\/index.php?rest_route=%2Fwp%2Fv2%2Ftags&post=1175"}],"curies":[{"name":"wp","href":"https:\/\/api.w.org\/{rel}","templated":true}]}}