{"id":1187,"date":"2026-03-18T18:20:01","date_gmt":"2026-03-18T17:20:01","guid":{"rendered":"https:\/\/www.zigzart.fr\/?p=1187"},"modified":"2026-03-18T18:20:58","modified_gmt":"2026-03-18T17:20:58","slug":"gerard-jugnot-invite-dhonneur-du-festival-du-film-europeen-de-meyzieu","status":"publish","type":"post","link":"https:\/\/www.zigzart.fr\/?p=1187","title":{"rendered":"GERARD JUGNOT invit\u00e9 d&rsquo;honneur du Festival du Film Europ\u00e9en de Meyzieu"},"content":{"rendered":"\n<figure class=\"wp-block-image size-full\"><img loading=\"lazy\" decoding=\"async\" width=\"623\" height=\"538\" src=\"https:\/\/www.zigzart.fr\/wp-content\/uploads\/2026\/03\/IMG_7206.jpeg\" alt=\"\" class=\"wp-image-1188\"\/><figcaption class=\"wp-element-caption\">Screenshot<\/figcaption><\/figure>\n\n\n<p>Du 19 au 29 mars, Meyzieu propose son 26\u00b0 Festival du Film Europ\u00e9en.<span class=\"Apple-converted-space\">\u00a0<\/span><\/p>\n<p>Parmi de nombreuses propositions, on notera :<\/p>\n<p>\u2014 la pr\u00e9sentation du film \u00ab\u00a0MAUVAISE PIOCHE\u00a0\u00bb, samedi 21 mars, par son r\u00e9alisateur et acteur principal, GERARD JUGNIOT, invit\u00e9 d\u2019honneur du festival.<\/p>\n<p>\u2014 la pr\u00e9sence d\u2019ANTOINE DULERY, acteur et imitateur, parrain du Festival, qui pr\u00e9sentera son film pr\u00e9f\u00e9r\u00e9, vendredi 20 mars, l\u2019excellent chef-d\u2019\u0153uvre d\u2019Henri Verneuil, avec Alain Delon et Jean Gabin, \u00ab\u00a0UN SINGE EN HIVERS\u00a0\u00bb. Un r\u00e9gal !<\/p>\n<p>\u2014 le mardi 24 mars, c\u2019est le r\u00e9alisateur JEAN-LUC GAGET qui pr\u00e9sentera \u00ab\u00a0UNE FILLE EN OR\u00a0\u00bb, son film qui repr\u00e9sentera la France dans la comp\u00e9tition.<\/p>\n<p>\u2014 le journaliste de France Inter, LAURENT DELMAS, critique gastronomique, animera une classe de ma\u00eetre consacr\u00e9e \u00e0 la cuisine au cin\u00e9ma le 25 mars.<\/p>\n<p>\u2014 la r\u00e9alisatrice belgo-roumaine MARTHA BERGMAN, un joli nom pour faire du cin\u00e9ma !, pr\u00e9sentera son film \u00ab\u00a0L\u2019ENFANT BELIER\u00a0\u00bb, en comp\u00e9tition pour la Belgique, le 26 mars.<\/p>\n<p>\u2014 une s\u00e9ance sera consacr\u00e9e aux FILMS COURTS le 28 mars \u00e0 16H30 : 10 courts-m\u00e9trages seront projet\u00e9s en pr\u00e9sence de leurs r\u00e9alisateurs.<span class=\"Apple-converted-space\">\u00a0<\/span><\/p>\n<p>\u2014 un spectacle gratuit est offert aux enfants de tous \u00e2ges (\u00e0 partir de (ans)) \u00e0 la Salle des F\u00eates le 19 \u00e0 17H30 : une mani\u00e8re ludique de d\u00e9couvrir l\u2019univers du 7\u00b0 Art !<\/p>\n<p>\u2014 en cl\u00f4ture de la manifestation, le 28 mars, le r\u00e9alisateur WILFRED M\u00c9ANCE pr\u00e9sentera, hors comp\u00e9tition, son long m\u00e9trage \u00ab\u00a0L\u2019ARNAQUEUZZSE\u00a0\u00bb.<\/p>\n<p>Un magnifique programme, on le voit (et encore nous n\u2019avons pas tout dit !) \u00e0 retrouver sur <a href=\"http:\/\/www.cinema-europeen.fr\">www.cinema-europeen.fr<\/a><\/p>\n<p>Jean-Fran\u00e7ois Martinon<\/p>","protected":false},"excerpt":{"rendered":"<p>Du 19 au 29 mars, Meyzieu propose son 26\u00b0 Festival du Film Europ\u00e9en.\u00a0 Parmi de nombreuses propositions, on notera : [&hellip;]<\/p>\n","protected":false},"author":3,"featured_media":1188,"comment_status":"open","ping_status":"open","sticky":true,"template":"","format":"standard","meta":{"site-sidebar-layout":"default","site-content-layout":"","ast-site-content-layout":"default","site-content-style":"default","site-sidebar-style":"default","ast-global-header-display":"","ast-banner-title-visibility":"","ast-main-header-display":"","ast-hfb-above-header-display":"","ast-hfb-below-header-display":"","ast-hfb-mobile-header-display":"","site-post-title":"","ast-breadcrumbs-content":"","ast-featured-img":"","footer-sml-layout":"","theme-transparent-header-meta":"","adv-header-id-meta":"","stick-header-meta":"","header-above-stick-meta":"","header-main-stick-meta":"","header-below-stick-meta":"","astra-migrate-meta-layouts":"default","ast-page-background-enabled":"default","ast-page-background-meta":{"desktop":{"background-color":"var(--ast-global-color-5)","background-image":"","background-repeat":"repeat","background-position":"center center","background-size":"auto","background-attachment":"scroll","background-type":"","background-media":"","overlay-type":"","overlay-color":"","overlay-opacity":"","overlay-gradient":""},"tablet":{"background-color":"","background-image":"","background-repeat":"repeat","background-position":"center center","background-size":"auto","background-attachment":"scroll","background-type":"","background-media":"","overlay-type":"","overlay-color":"","overlay-opacity":"","overlay-gradient":""},"mobile":{"background-color":"","background-image":"","background-repeat":"repeat","background-position":"center center","background-size":"auto","background-attachment":"scroll","background-type":"","background-media":"","overlay-type":"","overlay-color":"","overlay-opacity":"","overlay-gradient":""}},"ast-content-background-meta":{"desktop":{"background-color":"var(--ast-global-color-4)","background-image":"","background-repeat":"repeat","background-position":"center center","background-size":"auto","background-attachment":"scroll","background-type":"","background-media":"","overlay-type":"","overlay-color":"","overlay-opacity":"","overlay-gradient":""},"tablet":{"background-color":"var(--ast-global-color-4)","background-image":"","background-repeat":"repeat","background-position":"center center","background-size":"auto","background-attachment":"scroll","background-type":"","background-media":"","overlay-type":"","overlay-color":"","overlay-opacity":"","overlay-gradient":""},"mobile":{"background-color":"var(--ast-global-color-4)","background-image":"","background-repeat":"repeat","background-position":"center center","background-size":"auto","background-attachment":"scroll","background-type":"","background-media":"","overlay-type":"","overlay-color":"","overlay-opacity":"","overlay-gradient":""}},"footnotes":""},"categories":[10,11],"tags":[],"class_list":["post-1187","post","type-post","status-publish","format-standard","has-post-thumbnail","hentry","category-cinema","category-lyon"],"_links":{"self":[{"href":"https:\/\/www.zigzart.fr\/index.php?rest_route=\/wp\/v2\/posts\/1187","targetHints":{"allow":["GET"]}}],"collection":[{"href":"https:\/\/www.zigzart.fr\/index.php?rest_route=\/wp\/v2\/posts"}],"about":[{"href":"https:\/\/www.zigzart.fr\/index.php?rest_route=\/wp\/v2\/types\/post"}],"author":[{"embeddable":true,"href":"https:\/\/www.zigzart.fr\/index.php?rest_route=\/wp\/v2\/users\/3"}],"replies":[{"embeddable":true,"href":"https:\/\/www.zigzart.fr\/index.php?rest_route=%2Fwp%2Fv2%2Fcomments&post=1187"}],"version-history":[{"count":3,"href":"https:\/\/www.zigzart.fr\/index.php?rest_route=\/wp\/v2\/posts\/1187\/revisions"}],"predecessor-version":[{"id":1191,"href":"https:\/\/www.zigzart.fr\/index.php?rest_route=\/wp\/v2\/posts\/1187\/revisions\/1191"}],"wp:featuredmedia":[{"embeddable":true,"href":"https:\/\/www.zigzart.fr\/index.php?rest_route=\/wp\/v2\/media\/1188"}],"wp:attachment":[{"href":"https:\/\/www.zigzart.fr\/index.php?rest_route=%2Fwp%2Fv2%2Fmedia&parent=1187"}],"wp:term":[{"taxonomy":"category","embeddable":true,"href":"https:\/\/www.zigzart.fr\/index.php?rest_route=%2Fwp%2Fv2%2Fcategories&post=1187"},{"taxonomy":"post_tag","embeddable":true,"href":"https:\/\/www.zigzart.fr\/index.php?rest_route=%2Fwp%2Fv2%2Ftags&post=1187"}],"curies":[{"name":"wp","href":"https:\/\/api.w.org\/{rel}","templated":true}]}}