{"id":1310,"date":"2026-04-25T17:28:38","date_gmt":"2026-04-25T15:28:38","guid":{"rendered":"https:\/\/www.zigzart.fr\/?p=1310"},"modified":"2026-04-25T17:29:12","modified_gmt":"2026-04-25T15:29:12","slug":"chambery-keren-ann-lenchanteuse","status":"publish","type":"post","link":"https:\/\/www.zigzart.fr\/?p=1310","title":{"rendered":"CHAMBERY\/Keren Ann, l\u2019enchanteuse"},"content":{"rendered":"\n<figure class=\"wp-block-image size-full\"><img loading=\"lazy\" decoding=\"async\" width=\"3345\" height=\"2644\" src=\"https:\/\/www.zigzart.fr\/wp-content\/uploads\/2026\/04\/60_Keren-Ann_\u00a9Amit-Israeli.jpeg.jpg\" alt=\"\" class=\"wp-image-1311\"\/><\/figure>\n\n\n\n<p>On se souvient de la chanson que Keren Ann avait co-\u00e9crite et co-compos\u00e9e avec Benjamin Biolay, <em>Jardin d\u2019hiver<\/em>, pour son premier album, <em>La Vie de Luka Philipsen<\/em>, et qu\u2019interpr\u00e9tera Henri Salvador. Ce que l\u2019on sait moins c\u2019est qu\u2019un bon nombre de ses chansons sont reprises par des artistes internationaux comme David Byrne, Iggy pop, mais aussi Jane Birkin, et Fran\u00e7oise Hardy. Tout en discr\u00e9tion et douceur, Keren Ann cis\u00e8le depuis plus de 20 ans un univers folk pop, intimiste, sensible, et m\u00e9lancolique.<\/p>\n\n\n\n<p>N\u00e9e \u00e0 C\u00e9sar\u00e9e, petite ville de la c\u00f4te m\u00e9diterran\u00e9enne d\u2019Isra\u00ebl, elle a \u00e9t\u00e9 influenc\u00e9e autant par la chanson fran\u00e7aise, que par la musique juive traditionnelle, le jazz et le folk am\u00e9ricain (Joni Mitchell, Suzanne Vega). Ses m\u00e9lodies lumineuses offrent aux mots une musicalit\u00e9 l\u00e9g\u00e8re, \u00e9motionnelle, presque en retenue. En septembre 2025 Keren Ann a sorti son 10\u00e8 album (avec le quatuor Debussy), <em>Paris Amour<\/em>. Neuf nouvelles chansons aux titres \u00e9vocateurs <em>-La sublime solitude, Comme si la mer se divisait, Les remparts de Saint Malo-<\/em> qu\u2019elle interpr\u00e9tera sur la sc\u00e8ne de l\u2019espace Malraux le mardi 5 mai \u00e0 20h00.<\/p>\n\n\n\n<p><strong>Didier Venturini<\/strong><\/p>\n\n\n\n<p>PHOTO&nbsp;: Keren Ann sera en concert le 5 mai \u00e0 l\u2019Espace Malraux de Chamb\u00e9ry. Photo Amit Israeli<\/p>\n\n\n\n<p>https:\/\/youtu.be\/Wn2xo7udOug?si=b0T_HhoAd0tNaw8s https:\/\/youtu.be\/aqOp9p6WC3s?si=6Vf_0QRkrU3UZZat https:\/\/youtu.be\/VLoLly6J7fI?si=gA8_ljUOEcoy_c6E<\/p>\n\n\n\n<p><\/p>\n","protected":false},"excerpt":{"rendered":"<p>On se souvient de la chanson que Keren Ann avait co-\u00e9crite et co-compos\u00e9e avec Benjamin Biolay, Jardin d\u2019hiver, pour son [&hellip;]<\/p>\n","protected":false},"author":1,"featured_media":1311,"comment_status":"closed","ping_status":"closed","sticky":true,"template":"","format":"standard","meta":{"site-sidebar-layout":"default","site-content-layout":"","ast-site-content-layout":"default","site-content-style":"default","site-sidebar-style":"default","ast-global-header-display":"","ast-banner-title-visibility":"","ast-main-header-display":"","ast-hfb-above-header-display":"","ast-hfb-below-header-display":"","ast-hfb-mobile-header-display":"","site-post-title":"","ast-breadcrumbs-content":"","ast-featured-img":"disabled","footer-sml-layout":"","theme-transparent-header-meta":"","adv-header-id-meta":"","stick-header-meta":"","header-above-stick-meta":"","header-main-stick-meta":"","header-below-stick-meta":"","astra-migrate-meta-layouts":"default","ast-page-background-enabled":"default","ast-page-background-meta":{"desktop":{"background-color":"var(--ast-global-color-5)","background-image":"","background-repeat":"repeat","background-position":"center center","background-size":"auto","background-attachment":"scroll","background-type":"","background-media":"","overlay-type":"","overlay-color":"","overlay-opacity":"","overlay-gradient":""},"tablet":{"background-color":"","background-image":"","background-repeat":"repeat","background-position":"center center","background-size":"auto","background-attachment":"scroll","background-type":"","background-media":"","overlay-type":"","overlay-color":"","overlay-opacity":"","overlay-gradient":""},"mobile":{"background-color":"","background-image":"","background-repeat":"repeat","background-position":"center center","background-size":"auto","background-attachment":"scroll","background-type":"","background-media":"","overlay-type":"","overlay-color":"","overlay-opacity":"","overlay-gradient":""}},"ast-content-background-meta":{"desktop":{"background-color":"var(--ast-global-color-4)","background-image":"","background-repeat":"repeat","background-position":"center center","background-size":"auto","background-attachment":"scroll","background-type":"","background-media":"","overlay-type":"","overlay-color":"","overlay-opacity":"","overlay-gradient":""},"tablet":{"background-color":"var(--ast-global-color-4)","background-image":"","background-repeat":"repeat","background-position":"center center","background-size":"auto","background-attachment":"scroll","background-type":"","background-media":"","overlay-type":"","overlay-color":"","overlay-opacity":"","overlay-gradient":""},"mobile":{"background-color":"var(--ast-global-color-4)","background-image":"","background-repeat":"repeat","background-position":"center center","background-size":"auto","background-attachment":"scroll","background-type":"","background-media":"","overlay-type":"","overlay-color":"","overlay-opacity":"","overlay-gradient":""}},"footnotes":""},"categories":[3,4],"tags":[],"class_list":["post-1310","post","type-post","status-publish","format-standard","has-post-thumbnail","hentry","category-musique","category-savoie"],"_links":{"self":[{"href":"https:\/\/www.zigzart.fr\/index.php?rest_route=\/wp\/v2\/posts\/1310","targetHints":{"allow":["GET"]}}],"collection":[{"href":"https:\/\/www.zigzart.fr\/index.php?rest_route=\/wp\/v2\/posts"}],"about":[{"href":"https:\/\/www.zigzart.fr\/index.php?rest_route=\/wp\/v2\/types\/post"}],"author":[{"embeddable":true,"href":"https:\/\/www.zigzart.fr\/index.php?rest_route=\/wp\/v2\/users\/1"}],"replies":[{"embeddable":true,"href":"https:\/\/www.zigzart.fr\/index.php?rest_route=%2Fwp%2Fv2%2Fcomments&post=1310"}],"version-history":[{"count":1,"href":"https:\/\/www.zigzart.fr\/index.php?rest_route=\/wp\/v2\/posts\/1310\/revisions"}],"predecessor-version":[{"id":1312,"href":"https:\/\/www.zigzart.fr\/index.php?rest_route=\/wp\/v2\/posts\/1310\/revisions\/1312"}],"wp:featuredmedia":[{"embeddable":true,"href":"https:\/\/www.zigzart.fr\/index.php?rest_route=\/wp\/v2\/media\/1311"}],"wp:attachment":[{"href":"https:\/\/www.zigzart.fr\/index.php?rest_route=%2Fwp%2Fv2%2Fmedia&parent=1310"}],"wp:term":[{"taxonomy":"category","embeddable":true,"href":"https:\/\/www.zigzart.fr\/index.php?rest_route=%2Fwp%2Fv2%2Fcategories&post=1310"},{"taxonomy":"post_tag","embeddable":true,"href":"https:\/\/www.zigzart.fr\/index.php?rest_route=%2Fwp%2Fv2%2Ftags&post=1310"}],"curies":[{"name":"wp","href":"https:\/\/api.w.org\/{rel}","templated":true}]}}