{"id":1322,"date":"2026-04-28T16:32:27","date_gmt":"2026-04-28T14:32:27","guid":{"rendered":"https:\/\/www.zigzart.fr\/?p=1322"},"modified":"2026-04-28T16:32:37","modified_gmt":"2026-04-28T14:32:37","slug":"dix-ans-sur-la-breche","status":"publish","type":"post","link":"https:\/\/www.zigzart.fr\/?p=1322","title":{"rendered":"Dix ans sur la br\u00e8che"},"content":{"rendered":"\n<figure class=\"wp-block-image size-full\"><img loading=\"lazy\" decoding=\"async\" width=\"800\" height=\"533\" src=\"https:\/\/www.zigzart.fr\/wp-content\/uploads\/2026\/04\/04-En-bonne-compagnie-La-breche-Festival-23-\u00a9Martin-Noda-Hans-Lucas-29042023.jpg\" alt=\"\" class=\"wp-image-1323\"\/><\/figure>\n\n\n\n<p>Le festival de musique La br\u00e8che f\u00eate ses dix ans du 2 au 15 mai. Quand tout a commenc\u00e9, les m\u00e9lomanes se demandaient quel curieux rendez-vous on leur avait r\u00e9serv\u00e9. Du classique, mais aussi de la chanson fran\u00e7aise, de la danse ou des performances&nbsp;; des voix, un accord\u00e9on mari\u00e9 \u00e0 un violoncelle&#8230; Tout cela dispers\u00e9 entre Aix-les-Bains et Chamb\u00e9ry, entre mus\u00e9e, ch\u00e2teau, salles de concert ou de cin\u00e9ma. Bref, il fallait abandonner son confort et ses petites habitudes pour se laisser surprendre. La recette a s\u00e9duit pr\u00e8s de 20 000 spectateurs, dont 3600 \u00e9l\u00e8ves.<\/p>\n\n\n\n<p>Le souci de diversit\u00e9 et d\u2019\u00e9clectisme est rest\u00e9. Rendez-vous samedi 2 mai au mus\u00e9e des beaux-arts de Chamb\u00e9ry pour la soir\u00e9e d\u2019ouverture baptis\u00e9e \u00abLe chant du cygne&nbsp;\u00bb consacr\u00e9e \u00e0 Schubert, avec Victoire Bunel, mezzo-soprano, Jean-Christophe Lani\u00e8ce, baryton, et Romain Louveau, piano mais aussi directeur musical des rencontres.<\/p>\n\n\n\n<p>Le ch\u00e2teau de Caramagne servira de d\u00e9cor \u00e0 la soir\u00e9e du 7 mai avec notamment un hommage \u00e0 Isadora Duncan par le danseur Fran\u00e7ois Chaignaud. Deux autres soir\u00e9es sont pr\u00e9vues dans le m\u00eame cadre enchanteur. A noter encore une journ\u00e9e \u00e0 vivre en famille et en itin\u00e9rance les samedi 9 mai et mercredi 13 mai \u00e0 Aix-les-Bains et Gr\u00e9sy-sur-Aix, entre film, conte et concert sur le th\u00e8me de la for\u00eat.<\/p>\n\n\n\n<p>Programme complet sur <a href=\"http:\/\/www.labrechefestival.com\">www.labrechefestival.com<\/a><\/p>\n\n\n\n<p>PHOTO&nbsp;: Le festival de musique La br\u00e8che f\u00eate ses dix ans du 2 au 15 mai \u00e0 Aix-les-Bains, Chamb\u00e9ry et Gr\u00e9sy-sur-Aix. Photo Martin Noda<\/p>\n","protected":false},"excerpt":{"rendered":"<p>Le festival de musique La br\u00e8che f\u00eate ses dix ans du 2 au 15 mai. Quand tout a commenc\u00e9, les [&hellip;]<\/p>\n","protected":false},"author":2,"featured_media":1323,"comment_status":"open","ping_status":"open","sticky":true,"template":"","format":"standard","meta":{"site-sidebar-layout":"default","site-content-layout":"","ast-site-content-layout":"default","site-content-style":"default","site-sidebar-style":"default","ast-global-header-display":"","ast-banner-title-visibility":"","ast-main-header-display":"","ast-hfb-above-header-display":"","ast-hfb-below-header-display":"","ast-hfb-mobile-header-display":"","site-post-title":"","ast-breadcrumbs-content":"","ast-featured-img":"disabled","footer-sml-layout":"","theme-transparent-header-meta":"","adv-header-id-meta":"","stick-header-meta":"","header-above-stick-meta":"","header-main-stick-meta":"","header-below-stick-meta":"","astra-migrate-meta-layouts":"default","ast-page-background-enabled":"default","ast-page-background-meta":{"desktop":{"background-color":"var(--ast-global-color-5)","background-image":"","background-repeat":"repeat","background-position":"center center","background-size":"auto","background-attachment":"scroll","background-type":"","background-media":"","overlay-type":"","overlay-color":"","overlay-opacity":"","overlay-gradient":""},"tablet":{"background-color":"","background-image":"","background-repeat":"repeat","background-position":"center center","background-size":"auto","background-attachment":"scroll","background-type":"","background-media":"","overlay-type":"","overlay-color":"","overlay-opacity":"","overlay-gradient":""},"mobile":{"background-color":"","background-image":"","background-repeat":"repeat","background-position":"center center","background-size":"auto","background-attachment":"scroll","background-type":"","background-media":"","overlay-type":"","overlay-color":"","overlay-opacity":"","overlay-gradient":""}},"ast-content-background-meta":{"desktop":{"background-color":"var(--ast-global-color-4)","background-image":"","background-repeat":"repeat","background-position":"center center","background-size":"auto","background-attachment":"scroll","background-type":"","background-media":"","overlay-type":"","overlay-color":"","overlay-opacity":"","overlay-gradient":""},"tablet":{"background-color":"var(--ast-global-color-4)","background-image":"","background-repeat":"repeat","background-position":"center center","background-size":"auto","background-attachment":"scroll","background-type":"","background-media":"","overlay-type":"","overlay-color":"","overlay-opacity":"","overlay-gradient":""},"mobile":{"background-color":"var(--ast-global-color-4)","background-image":"","background-repeat":"repeat","background-position":"center center","background-size":"auto","background-attachment":"scroll","background-type":"","background-media":"","overlay-type":"","overlay-color":"","overlay-opacity":"","overlay-gradient":""}},"footnotes":""},"categories":[13,3,4],"tags":[],"class_list":["post-1322","post","type-post","status-publish","format-standard","has-post-thumbnail","hentry","category-danse","category-musique","category-savoie"],"_links":{"self":[{"href":"https:\/\/www.zigzart.fr\/index.php?rest_route=\/wp\/v2\/posts\/1322","targetHints":{"allow":["GET"]}}],"collection":[{"href":"https:\/\/www.zigzart.fr\/index.php?rest_route=\/wp\/v2\/posts"}],"about":[{"href":"https:\/\/www.zigzart.fr\/index.php?rest_route=\/wp\/v2\/types\/post"}],"author":[{"embeddable":true,"href":"https:\/\/www.zigzart.fr\/index.php?rest_route=\/wp\/v2\/users\/2"}],"replies":[{"embeddable":true,"href":"https:\/\/www.zigzart.fr\/index.php?rest_route=%2Fwp%2Fv2%2Fcomments&post=1322"}],"version-history":[{"count":1,"href":"https:\/\/www.zigzart.fr\/index.php?rest_route=\/wp\/v2\/posts\/1322\/revisions"}],"predecessor-version":[{"id":1324,"href":"https:\/\/www.zigzart.fr\/index.php?rest_route=\/wp\/v2\/posts\/1322\/revisions\/1324"}],"wp:featuredmedia":[{"embeddable":true,"href":"https:\/\/www.zigzart.fr\/index.php?rest_route=\/wp\/v2\/media\/1323"}],"wp:attachment":[{"href":"https:\/\/www.zigzart.fr\/index.php?rest_route=%2Fwp%2Fv2%2Fmedia&parent=1322"}],"wp:term":[{"taxonomy":"category","embeddable":true,"href":"https:\/\/www.zigzart.fr\/index.php?rest_route=%2Fwp%2Fv2%2Fcategories&post=1322"},{"taxonomy":"post_tag","embeddable":true,"href":"https:\/\/www.zigzart.fr\/index.php?rest_route=%2Fwp%2Fv2%2Ftags&post=1322"}],"curies":[{"name":"wp","href":"https:\/\/api.w.org\/{rel}","templated":true}]}}