{"id":1585,"date":"2026-09-02T15:39:11","date_gmt":"2026-09-02T13:39:11","guid":{"rendered":"https:\/\/www.zigzart.fr\/?p=1585"},"modified":"2026-09-02T15:39:28","modified_gmt":"2026-09-02T13:39:28","slug":"grenoble-les-temps-forts-de-la-mc2","status":"publish","type":"post","link":"https:\/\/www.zigzart.fr\/?p=1585","title":{"rendered":"GRENOBLE\/Les temps forts de la MC2"},"content":{"rendered":"\n<figure class=\"wp-block-image size-full\"><img loading=\"lazy\" decoding=\"async\" width=\"800\" height=\"533\" src=\"https:\/\/www.zigzart.fr\/wp-content\/uploads\/2026\/09\/1.PHOTO_FoutueBergerie_\u00a9ArgyrogloMartin_2273.jpg\" alt=\"\" class=\"wp-image-1587\"\/><\/figure>\n\n\n\n<p>\u00ab&nbsp;\u00c0 l\u2019heure o\u00f9 les \u00e9quilibres publics sont mis \u00e0 l\u2019\u00e9preuve et alors que nous abordons de nouvelles \u00e9ch\u00e9ances politiques, il n\u2019est peut-\u00eatre pas inutile de rappeler collectivement la chance que nous avons: celle de vivre dans un pays o\u00f9 la culture fait l\u2019objet d\u2019un engagement public fort&nbsp;\u00bb, se r\u00e9jouit Arnaud Meunier, le directeur de la plus grande Sc\u00e8ne nationale de France. Pour combien de temps encore&nbsp;?<\/p>\n\n\n\n<p>En lan\u00e7ant la saison culturelle, le capitaine de la MC2 n\u2019oublie pas pour autant que l\u2019horizon est incertain et que &nbsp;maintenir le cap de ce magnifique \u00e9quipement est un d\u00e9fi ambitieux. A l\u2019image de la programmation 2026-2027, dont voici les premiers temps forts.<\/p>\n\n\n\n<p>Du cirque pour ouvrir la saison <strong>du 2 au 18 octobre<\/strong>, avec \u00ab&nbsp;I love you&nbsp;two\u00bb avec la compagnie su\u00e9doise \u00ab&nbsp;Il love you&nbsp;\u00bb. Sur sc\u00e8ne, huit artistes acrobates et musiciens inventent des duos physiques, des port\u00e9s audacieux, des \u00e9quilibres instables et des envols spectaculaires, entra\u00een\u00e9s par une musique jou\u00e9e en direct.<\/p>\n\n\n\n<p>Avec \u00ab&nbsp;24 place Beaumarchais&nbsp;\u00bb, Brahim Koutari nous donne \u00e0 voir comment le quartier populaire de Grenoble dans lequel il a grandi lui a donn\u00e9 des ailes pour se lancer dans le th\u00e9\u00e2tre avant de partir en tourn\u00e9e <strong>(les 14 et 15 octobre).<\/strong><\/p>\n\n\n\n<p>On conna\u00eet le go\u00fbt de Pierre Guillois pour les spectacles absurdes et populaires. Son m\u00e9morable \u00ab&nbsp;Les gros patinent bien&nbsp;\u00bb en t\u00e9moigne. Il reste dans le ton avec \u00ab&nbsp;Foutue bergerie&nbsp;\u00bb, une farce rurale qui nous fait partager la vie d\u2019une famille d\u2019agriculteurs d\u00e9truite par un suicide. Derri\u00e8re le rire se cache une r\u00e9alit\u00e9 tragique <strong>(5 et 6 novembre).<\/strong><\/p>\n\n\n\n<p>On retrouvera Pierre Guillois au printemps dans \u00ab&nbsp;Bigre&nbsp;\u00bb, son spectacle culte couronn\u00e9 par un Moli\u00e8re de la com\u00e9die.<strong> (du 26 mai au 4 juin).<\/strong><\/p>\n\n\n\n<p>Encore une histoire de violence faite aux femmes&nbsp;? Sans doute, mais cette mise en sc\u00e8ne par l\u2019artiste sicilienne Emma Dante, on attend avec impatience \u00ab&nbsp;L\u2019ange du foyer&nbsp;\u00bb, une cr\u00e9ation qui m\u00eale fable et r\u00e9alit\u00e9 pour parler des f\u00e9minicides<strong> (19 et 20 novembre).<\/strong><\/p>\n\n\n\n<p>\u00ab&nbsp;Qui som&nbsp;\u00bb&nbsp; \u00e9tait la r\u00e9v\u00e9lation du festival d\u2019Avignon il y a deux ans. Un feu d\u2019artifice de trouvailles sc\u00e9niques m\u00ealant cirque, chant, acrobaties et th\u00e9\u00e2tre comme la compagnie catalane Barro d\u2019Evel en a le secret. Elle sera \u00e0 Grenoble<strong> du 24 au 27 novembre.<\/strong><\/p>\n\n\n\n<p><strong>TOUT LE PROGRAMME DE LA MC2 SUR <\/strong><a href=\"http:\/\/WWW.MC2GRENOBLE.FR\"><strong>WWW.MC2GRENOBLE.FR<\/strong><\/a><\/p>\n\n\n\n<p><strong>PHOTOS&nbsp;: <\/strong>\u00ab&nbsp;Qui som&nbsp;\u00bb, l\u2019un des gros succ\u00e8s d\u2019Avignon en 2024, et \u00ab&nbsp;Foutue bergerie&nbsp;\u00bb, parmi les rendez-vous \u00e0 noter de cet automne \u00e0 la MC2.<strong> Photos RaynauddelageChristophe et Argyroglo Martin<\/strong><\/p>\n\n\n\n<figure class=\"wp-block-image size-full\"><img loading=\"lazy\" decoding=\"async\" width=\"800\" height=\"534\" src=\"https:\/\/www.zigzart.fr\/wp-content\/uploads\/2026\/09\/PHOTO_QuiSom_\u00a9RaynauddelageChristophe_3120.jpg\" alt=\"\" class=\"wp-image-1586\"\/><\/figure>\n","protected":false},"excerpt":{"rendered":"<p>\u00ab&nbsp;\u00c0 l\u2019heure o\u00f9 les \u00e9quilibres publics sont mis \u00e0 l\u2019\u00e9preuve et alors que nous abordons de nouvelles \u00e9ch\u00e9ances politiques, il [&hellip;]<\/p>\n","protected":false},"author":2,"featured_media":1586,"comment_status":"closed","ping_status":"closed","sticky":true,"template":"","format":"standard","meta":{"site-sidebar-layout":"default","site-content-layout":"","ast-site-content-layout":"default","site-content-style":"default","site-sidebar-style":"default","ast-global-header-display":"","ast-banner-title-visibility":"","ast-main-header-display":"","ast-hfb-above-header-display":"","ast-hfb-below-header-display":"","ast-hfb-mobile-header-display":"","site-post-title":"","ast-breadcrumbs-content":"","ast-featured-img":"disabled","footer-sml-layout":"","theme-transparent-header-meta":"","adv-header-id-meta":"","stick-header-meta":"","header-above-stick-meta":"","header-main-stick-meta":"","header-below-stick-meta":"","astra-migrate-meta-layouts":"default","ast-page-background-enabled":"default","ast-page-background-meta":{"desktop":{"background-color":"var(--ast-global-color-5)","background-image":"","background-repeat":"repeat","background-position":"center center","background-size":"auto","background-attachment":"scroll","background-type":"","background-media":"","overlay-type":"","overlay-color":"","overlay-opacity":"","overlay-gradient":""},"tablet":{"background-color":"","background-image":"","background-repeat":"repeat","background-position":"center center","background-size":"auto","background-attachment":"scroll","background-type":"","background-media":"","overlay-type":"","overlay-color":"","overlay-opacity":"","overlay-gradient":""},"mobile":{"background-color":"","background-image":"","background-repeat":"repeat","background-position":"center center","background-size":"auto","background-attachment":"scroll","background-type":"","background-media":"","overlay-type":"","overlay-color":"","overlay-opacity":"","overlay-gradient":""}},"ast-content-background-meta":{"desktop":{"background-color":"var(--ast-global-color-4)","background-image":"","background-repeat":"repeat","background-position":"center center","background-size":"auto","background-attachment":"scroll","background-type":"","background-media":"","overlay-type":"","overlay-color":"","overlay-opacity":"","overlay-gradient":""},"tablet":{"background-color":"var(--ast-global-color-4)","background-image":"","background-repeat":"repeat","background-position":"center center","background-size":"auto","background-attachment":"scroll","background-type":"","background-media":"","overlay-type":"","overlay-color":"","overlay-opacity":"","overlay-gradient":""},"mobile":{"background-color":"var(--ast-global-color-4)","background-image":"","background-repeat":"repeat","background-position":"center center","background-size":"auto","background-attachment":"scroll","background-type":"","background-media":"","overlay-type":"","overlay-color":"","overlay-opacity":"","overlay-gradient":""}},"footnotes":""},"categories":[9,14],"tags":[],"class_list":["post-1585","post","type-post","status-publish","format-standard","has-post-thumbnail","hentry","category-isere","category-theatre"],"_links":{"self":[{"href":"https:\/\/www.zigzart.fr\/index.php?rest_route=\/wp\/v2\/posts\/1585","targetHints":{"allow":["GET"]}}],"collection":[{"href":"https:\/\/www.zigzart.fr\/index.php?rest_route=\/wp\/v2\/posts"}],"about":[{"href":"https:\/\/www.zigzart.fr\/index.php?rest_route=\/wp\/v2\/types\/post"}],"author":[{"embeddable":true,"href":"https:\/\/www.zigzart.fr\/index.php?rest_route=\/wp\/v2\/users\/2"}],"replies":[{"embeddable":true,"href":"https:\/\/www.zigzart.fr\/index.php?rest_route=%2Fwp%2Fv2%2Fcomments&post=1585"}],"version-history":[{"count":1,"href":"https:\/\/www.zigzart.fr\/index.php?rest_route=\/wp\/v2\/posts\/1585\/revisions"}],"predecessor-version":[{"id":1588,"href":"https:\/\/www.zigzart.fr\/index.php?rest_route=\/wp\/v2\/posts\/1585\/revisions\/1588"}],"wp:featuredmedia":[{"embeddable":true,"href":"https:\/\/www.zigzart.fr\/index.php?rest_route=\/wp\/v2\/media\/1586"}],"wp:attachment":[{"href":"https:\/\/www.zigzart.fr\/index.php?rest_route=%2Fwp%2Fv2%2Fmedia&parent=1585"}],"wp:term":[{"taxonomy":"category","embeddable":true,"href":"https:\/\/www.zigzart.fr\/index.php?rest_route=%2Fwp%2Fv2%2Fcategories&post=1585"},{"taxonomy":"post_tag","embeddable":true,"href":"https:\/\/www.zigzart.fr\/index.php?rest_route=%2Fwp%2Fv2%2Ftags&post=1585"}],"curies":[{"name":"wp","href":"https:\/\/api.w.org\/{rel}","templated":true}]}}